{"id":118,"date":"2022-10-26T00:12:44","date_gmt":"2022-10-25T22:12:44","guid":{"rendered":"https:\/\/farmaciatana.es\/blog\/?p=118"},"modified":"2022-11-10T12:46:21","modified_gmt":"2022-11-10T10:46:21","slug":"se-cae-el-pelo-en-otono","status":"publish","type":"post","link":"https:\/\/farmaciatana.es\/blog\/2022\/10\/26\/se-cae-el-pelo-en-otono\/","title":{"rendered":"\u00bfSe nos cae el pelo m\u00e1s en oto\u00f1o? La ca\u00edda del pelo en oto\u00f1o a an\u00e1lisis"},"content":{"rendered":"\n<p>Seguro que todos los a\u00f1os escuchas que se nos cae el pelo m\u00e1s en oto\u00f1o, que es normal en esta \u00e9poca, etc. \u00bfQuieres saber si es cierto? \u00bfEs cierto que hay una caracter\u00edstica ca\u00edda del pelo en oto\u00f1o?<\/p>\n\n\n\n<p>En verdad el cabello pasa por diferentes fases, conocidas como an\u00e1gena, cat\u00e1gena y tel\u00f3gena.<\/p>\n\n\n\n<ul class=\"wp-block-list\"><li>La fase an\u00e1gena del pelo es la creaci\u00f3n de este. Es cuando nace el pelo y se generan nuevos cabellos en el fol\u00edculo piloso. <\/li><li>La fase cat\u00e1gena es la etapa m\u00e1s larga, ya que es el crecimiento del cabello que dura sobre unas cuatro semanas.<\/li><li>La \u00faltima fase es la tel\u00f3gena, y es la que termina el ciclo del cabello.<\/li><\/ul>\n\n\n\n<p>Para entender el ciclo del cabello es necesario conocer las anteriores fases, y ahora que las sabemos, nos metemos en la chicha.<\/p>\n\n\n\n<p>\u00bfCu\u00e1ntos cabellos nacen al d\u00eda? Pues es la pregunta del mill\u00f3n. Es imposible saberlo, pero se calculan que sobre unos 100 cabellos nacen al d\u00eda en un cuero cabelludo sano. Esto solo ocurre en la primera fase, la an\u00e1gena, que es la m\u00e1s larga con diferencia, ya que casi un 90% del tiempo nos lo pasamos en esta fase. Genial, \u00bfno?<\/p>\n\n\n\n<p>\u00bfCu\u00e1nto dura un pelo? Pues seg\u00fan los \u00faltimos estudios, el cabello permanece en la cabeza como m\u00e1ximo unos 10 a\u00f1os, y el crecimiento es de 2 cm al mes.<\/p>\n\n\n\n<p>Y ahora lo importante de la cuesti\u00f3n, \u00bfde verdad se nos cae m\u00e1s el pelo en oto\u00f1o?<\/p>\n\n\n\n<p>La ca\u00edda del pelo en oto\u00f1o no es un mito, y ocurre principalmente por factores ambientales. No existe una raz\u00f3n cient\u00edfica por la que perdamos m\u00e1s cabello en oto\u00f1o, si no que en verano nuestro pelo ha estado m\u00e1s expuesto al sol, el cloro de la piscina, la sal del mar, el calor&#8230; y claro, sufre m\u00e1s que el resto del a\u00f1o. Adem\u00e1s el estr\u00e9s postvacacional puede ser otro factor a tener en cuenta, que novedad el estr\u00e9s, \u00bfverdad?<\/p>\n\n\n\n<p>As\u00ed que si adem\u00e1s, coincidimos en la fase tel\u00f3gena del cabello con todos los efectos que mencionamos anteriormente, s\u00ed, la ca\u00edda del pelo en oto\u00f1o puede ser m\u00e1s importante.<\/p>\n\n\n\n<p>\u00bfConsejos para mejorar? Utilizar champ\u00fas sin sulfatos, sin siliconas y respetuosos con cada tipo de cabello.<\/p>\n\n\n\n<p>A nosotros nos encantan los tratamientos de <a href=\"https:\/\/es.phyto.com\/\" target=\"_blank\" rel=\"noreferrer noopener\">Phyto<\/a>, que adem\u00e1s cumplen con todos estos consejos.<\/p>\n\n\n\n<p>Si combinamos por ejemplo, el nuevo <a href=\"https:\/\/farmaciatana.es\/tratamientos-capilares\/3661-phytocyane-caida-reaccional-12-ampollas-3701436911447.html\" target=\"_blank\" rel=\"noreferrer noopener\">Phyto Cyane ca\u00edda reaccional<\/a> con el <a href=\"https:\/\/farmaciatana.es\/cabello\/283-phytonovathrix-champu-anti-caida-250-ml.html\" target=\"_blank\" rel=\"noreferrer noopener\">champ\u00fa Phytonovatrix<\/a> y las <a href=\"https:\/\/farmaciatana.es\/pelo-y-unas\/288-phytophanere-cabello-y-unas-180-capsulas-phyto-3338221001085.html\" target=\"_blank\" rel=\"noreferrer noopener\">c\u00e1psulas Phytophanere<\/a>, tendremos un pack antica\u00edda del cabello de lo m\u00e1s potente.<\/p>\n\n\n\n<p>Si tienes duda para elegir tu rutina capilar, puedes contactarnos y te asesoraremos sin problema ni compromiso \ud83e\udd17<\/p>\n\n\n\n<p><\/p>\n","protected":false},"excerpt":{"rendered":"<p>ca\u00edda del pelo en oto\u00f1o<\/p>\n","protected":false},"author":2,"featured_media":0,"comment_status":"open","ping_status":"open","sticky":false,"template":"","format":"standard","meta":{"_et_pb_use_builder":"off","_et_pb_old_content":"","_et_gb_content_width":"","footnotes":""},"categories":[1],"tags":[16],"class_list":["post-118","post","type-post","status-publish","format-standard","hentry","category-cuidado-de-la-piel","tag-caida-del-pelo-en-otono","et-doesnt-have-format-content","et_post_format-et-post-format-standard"],"_links":{"self":[{"href":"https:\/\/farmaciatana.es\/blog\/wp-json\/wp\/v2\/posts\/118","targetHints":{"allow":["GET"]}}],"collection":[{"href":"https:\/\/farmaciatana.es\/blog\/wp-json\/wp\/v2\/posts"}],"about":[{"href":"https:\/\/farmaciatana.es\/blog\/wp-json\/wp\/v2\/types\/post"}],"author":[{"embeddable":true,"href":"https:\/\/farmaciatana.es\/blog\/wp-json\/wp\/v2\/users\/2"}],"replies":[{"embeddable":true,"href":"https:\/\/farmaciatana.es\/blog\/wp-json\/wp\/v2\/comments?post=118"}],"version-history":[{"count":4,"href":"https:\/\/farmaciatana.es\/blog\/wp-json\/wp\/v2\/posts\/118\/revisions"}],"predecessor-version":[{"id":124,"href":"https:\/\/farmaciatana.es\/blog\/wp-json\/wp\/v2\/posts\/118\/revisions\/124"}],"wp:attachment":[{"href":"https:\/\/farmaciatana.es\/blog\/wp-json\/wp\/v2\/media?parent=118"}],"wp:term":[{"taxonomy":"category","embeddable":true,"href":"https:\/\/farmaciatana.es\/blog\/wp-json\/wp\/v2\/categories?post=118"},{"taxonomy":"post_tag","embeddable":true,"href":"https:\/\/farmaciatana.es\/blog\/wp-json\/wp\/v2\/tags?post=118"}],"curies":[{"name":"wp","href":"https:\/\/api.w.org\/{rel}","templated":true}]}}