{"id":1233,"date":"2023-09-29T20:17:48","date_gmt":"2023-09-29T18:17:48","guid":{"rendered":"https:\/\/farmaciatana.es\/blog\/?p=1233"},"modified":"2024-05-26T17:43:06","modified_gmt":"2024-05-26T16:43:06","slug":"acne-en-otono","status":"publish","type":"post","link":"https:\/\/farmaciatana.es\/blog\/2023\/09\/29\/acne-en-otono\/","title":{"rendered":"Acn\u00e9 en oto\u00f1o"},"content":{"rendered":"\n<h2 class=\"wp-block-heading\">\u00bfBrote de acn\u00e9 despu\u00e9s del verano? \u00a1Te ayudamos!<\/h2>\n\n\n\n<h3 class=\"wp-block-heading\">\u00a1Evita los granitos en esta \u00e9poca!<\/h3>\n\n\n\n<p>\u00a1Hola a todos!<\/p>\n\n\n\n<p>Ya estamos en oto\u00f1o, y en esta \u00e9poca podemos ver un empeoramiento en los casos de acn\u00e9, \u00bfsabes por qu\u00e9? <\/p>\n\n\n\n<p>Por eso, hoy vamos a recordar que es el acn\u00e9, qu\u00e9 factores influyen en \u00e9l, por qu\u00e9 empeora en esta \u00e9poca y qu\u00e9 productos podemos usar para tratarlo.<\/p>\n\n\n\n<h2 class=\"wp-block-heading\">\u00bfQu\u00e9 es el acn\u00e9?<\/h2>\n\n\n\n<p>El acn\u00e9 es un trastorno en la piel en la que aparecen lesiones que llamamos granos o espinillas. <\/p>\n\n\n\n<p>En cualquier momento de tu vida, puedes sufrir un brote de acn\u00e9, pero es m\u00e1s frecuente en adolescentes y adultos j\u00f3venes, aunque no est\u00e1s libre de sufrirlo en cualquier momento.<\/p>\n\n\n\n<figure class=\"wp-block-image aligncenter size-full is-resized\"><img loading=\"lazy\" decoding=\"async\" src=\"https:\/\/farmaciatana.es\/blog\/wp-content\/uploads\/2023\/09\/PIEL-ACNE.png\" alt=\"Piel con acn\u00e9\" class=\"wp-image-1238\" style=\"width:404px;height:283px\" width=\"404\" height=\"283\"\/><\/figure>\n\n\n\n<h3 class=\"wp-block-heading\">Causas y factores de la aparici\u00f3n del acn\u00e9<\/h3>\n\n\n\n<p>La causa del acn\u00e9 m\u00e1s habitual es un ac\u00famulo de grasa y c\u00e9lulas muertas en los poros de la piel, normalmente acompa\u00f1ado de un crecimiento de bacterias en la zona. \u00a1Por eso insistimos tanto en la limpieza de la piel!<\/p>\n\n\n\n<p>Adem\u00e1s, hay varios factores que hacen que empeore como el estr\u00e9s, la humedad, la contaminaci\u00f3n ambiental y ciertos alimentos como l\u00e1cteos, grasas, az\u00facares o fritos.<\/p>\n\n\n\n<h2 class=\"wp-block-heading\">\u00bfQu\u00e9 provoca el empeoramiento del acn\u00e9 en oto\u00f1o?<\/h2>\n\n\n\n<p>Durante la \u00e9poca oto\u00f1al existen varios factores que empeoran el acn\u00e9 como el ambiente, los cambios en los h\u00e1bitos alimentarios y el estr\u00e9s.<\/p>\n\n\n\n<p>Entre los factores ambientales, influyen la bajada de las temperaturas y la menor humedad, ya que vuelven el aire fr\u00edo y seco, provocando que tu piel se deshidrate y produzca m\u00e1s grasa que se acumula en los poros haciendo aparecer granos y otras lesiones. <\/p>\n\n\n\n<p>Adem\u00e1s, el sol hace que la piel se reseque, por lo que en verano, la producci\u00f3n de sebo es menor, \u00a1lo que se traduce en menos granitos!<\/p>\n\n\n\n<p>El cambio de estaci\u00f3n tambi\u00e9n afecta a los h\u00e1bitos alimentarios, y es que en oto\u00f1o se suelen consumir alimentos con alto contenido de l\u00e1cteos y az\u00facares, que se asocian con la aparici\u00f3n de los brotes.<\/p>\n\n\n\n<p>Adem\u00e1s, en algunas personas el estr\u00e9s provoca la aparici\u00f3n de acn\u00e9 y, la transici\u00f3n del verano al oto\u00f1o, puede estar asociada con un mayor estr\u00e9s, especialmente para los que vuelven al cole o se nos acaban las vacaciones.<\/p>\n\n\n\n<p>Por \u00faltimo, tambi\u00e9n mencionar que este empeoramiento es todav\u00eda m\u00e1s notable, porque durante el verano se toma m\u00e1s el sol y este tiene un efecto secante sobre las lesiones del acn\u00e9 haciendo que disminuyan, mientras que al acabar el verano desaparece este efecto beneficioso. <\/p>\n\n\n\n<p>Pero ojo, si te da el sol en los granitos, y no llevas fotoprotector, te estar\u00e1s jugando una marca en la piel de por vida. \u00a1No salgas de casa sin tu protector solar!<\/p>\n\n\n\n<h2 class=\"wp-block-heading\">\u00bfC\u00f3mo puedo tratar el acn\u00e9?<\/h2>\n\n\n\n<p>Hay muchos productos que puedes utilizar para tratar las marcas del acn\u00e9, pero nosotros te recomendamos la <a href=\"https:\/\/farmaciatana.es\/rutinas\/1075-rutina-anti-acne-la-roche-posay-completa.html\" data-type=\"link\" data-id=\"https:\/\/farmaciatana.es\/rutinas\/1075-rutina-anti-acne-la-roche-posay-completa.html\" target=\"_blank\" rel=\"noreferrer noopener\">Rutina Anti Acn\u00e9 La Roche Posay Completa,<\/a> una rutina creada por nosotros de cuidado de la piel, dise\u00f1ada espec\u00edficamente para abordar los problemas de acn\u00e9 e imperfecciones. <\/p>\n\n\n\n<p>Esta rutina la forman los productos de la gama\u00a0<a href=\"https:\/\/www.laroche-posay.es\/effaclar\" target=\"_blank\" rel=\"noreferrer noopener\">Effaclar<\/a> de <a href=\"https:\/\/www.laroche-posay.es\/\" data-type=\"link\" data-id=\"https:\/\/www.laroche-posay.es\/\" target=\"_blank\" rel=\"noreferrer noopener\">La Roche Posay<\/a>: La Roche Posay Effaclar Gel Limpiador 400 ml (en tama\u00f1o grande ya que es el producto de limpieza), La Roche Posay Effaclar Loci\u00f3n Astringente 200 ml, La Roche Posay Effaclar S\u00e9rum Ultra Concentrado 30 ml y La Roche Posay Effaclar Duo+ M Crema 40 ml.<\/p>\n\n\n\n<figure class=\"wp-block-image aligncenter size-full is-resized\"><img loading=\"lazy\" decoding=\"async\" src=\"https:\/\/farmaciatana.es\/blog\/wp-content\/uploads\/2023\/10\/RUTINAACNE.png\" alt=\"Rutina para tratar el acn\u00e9\" class=\"wp-image-1263\" style=\"width:356px;height:249px\" width=\"356\" height=\"249\"\/><\/figure>\n\n\n\n<p><a href=\"https:\/\/farmaciatana.es\/limpieza\/3930-la-roche-posay-effaclar-gel-limpiador-400-ml-3337872411991.html\" data-type=\"link\" data-id=\"https:\/\/farmaciatana.es\/limpieza\/3930-la-roche-posay-effaclar-gel-limpiador-400-ml-3337872411991.html\" target=\"_blank\" rel=\"noreferrer noopener\">La Roche Posay Effaclar Gel Limpiador<\/a>\u00a0es un gel purificante para tu piel que limpia con suavidad sin secar la piel en exceso gracias a los agentes limpiadores suaves, es decir, evitamos el efecto rebote que pueden tener algunos productos antiacn\u00e9. Gracias a su f\u00f3rmula, Effaclar Gel Limpiador elimina las impurezas de la piel y el exceso de sebo, dejando la piel limpia y con sensaci\u00f3n fresca. Acaba de ser reformulado para ser m\u00e1s respetuoso con el microbioma de la piel.<\/p>\n\n\n\n<p><a href=\"https:\/\/farmaciatana.es\/tonicos\/279-effaclar-locion-astringente-200-ml-la-roche-posay-3433422408159.html\" target=\"_blank\" rel=\"noreferrer noopener\">La Roche Posay Effaclar Loci\u00f3n Astringente<\/a>\u00a0es una loci\u00f3n secante microexfoliante que contribuye a desobstruir los poros y reducir su tama\u00f1o. Adem\u00e1s, logra conseguir un efecto secante sobre esos granitos que tanto nos molestan.<\/p>\n\n\n\n<p><a href=\"https:\/\/farmaciatana.es\/serum\/1056-effaclar-serum-ultra-concentrado-30-ml-la-roche-posay-8431567517564.html\" target=\"_blank\" rel=\"noreferrer noopener\">La Roche Posay Effaclar S\u00e9rum<\/a>\u00a0es un tratamiento concentrado para tratar imperfecciones, marcas, poros visibles y puntos negros. Su f\u00f3rmula purifica la piel, alisa la textura y reduce finas l\u00edneas. O sea, que adem\u00e1s del efecto antiacn\u00e9, conseguimos un efecto antiedad, \u00bfalgo m\u00e1s completo? \u00a1Imposible! Conseguiremos un tratamiento antiacn\u00e9 y antiedad con solo un producto.<\/p>\n\n\n\n<p><a href=\"https:\/\/farmaciatana.es\/crema\/4403-la-roche-posay-effaclar-duo-m-crema-40-ml-3337875863377.html\" data-type=\"link\" data-id=\"https:\/\/farmaciatana.es\/crema\/4403-la-roche-posay-effaclar-duo-m-crema-40-ml-3337875863377.html\" target=\"_blank\" rel=\"noreferrer noopener\">La Roche Posay Effaclar Duo+ M Crema<\/a>, es una crema espec\u00edficamente formulada para combatir imperfecciones y marcas de la piel como puntos negros y granitos. Adem\u00e1s, acaba de ser reformulada gracias a la nueva patente de La Roche Posay por lo que ahora, respeta todav\u00eda m\u00e1s el microbioma.<\/p>\n\n\n\n<p>Adem\u00e1s, tambi\u00e9n podemos hacer menci\u00f3n de otros buenos limpiadores para piel grasa con muy buen resultado:  <a href=\"https:\/\/farmaciatana.es\/limpieza\/3303-vinopure-gelatina-limpiadora-purificante-200-ml-caudalie-3522930003465.html\" target=\"_blank\" rel=\"noreferrer noopener\">Caudalie Vinopure Gelatina Limpiadora Purificante<\/a> de la marca\u00a0<a href=\"https:\/\/es.caudalie.com\/\" target=\"_blank\" rel=\"noreferrer noopener\">Caudalie<\/a> y <a href=\"https:\/\/farmaciatana.es\/limpieza\/1888-cerave-gel-limpiador-espumoso-236-ml-3337875597197.html\" target=\"_blank\" rel=\"noreferrer noopener\">Cerave Gel Limpiador Espumoso<\/a>\u00a0del laboratorio\u00a0<a href=\"https:\/\/www.cerave.es\/\" target=\"_blank\" rel=\"noreferrer noopener\">Cerave<\/a>.<\/p>\n\n\n\n<p>Para acabar, podemos a\u00f1adir que las <a href=\"https:\/\/farmaciatana.es\/acne\/2150-isdin-acniben-toallitas-30-unidades-8470001509833.html\" data-type=\"link\" data-id=\"https:\/\/farmaciatana.es\/acne\/2150-isdin-acniben-toallitas-30-unidades-8470001509833.html\" target=\"_blank\" rel=\"noreferrer noopener\">Toallitas Isdin Acnib\u00e9n Toallitas<\/a> son una opci\u00f3n muy interesante para imperfecciones localizadas. Estas toallitas est\u00e1n impregnadas con una soluci\u00f3n espec\u00edfica para el cuidado de la piel grasa y con tendencia acneica, y adem\u00e1s se presentan en un pr\u00e1ctico envase que permite llevarlas contigo a cualquier lugar. \u00a1Eso s\u00ed! Evita aplicarla por toda la cara ya que si tienes una espinilla, puedes expandir la infecci\u00f3n.<\/p>\n\n\n\n<h2 class=\"wp-block-heading\">\u00bfTodav\u00eda no sabes como tratar el acn\u00e9?<\/h2>\n\n\n\n<p>Contacta con nosotros. Puedes hablarnos a trav\u00e9s de correo electr\u00f3nico a&nbsp;<a href=\"mailto:farmaciacoiros@farmaciatana.es?Subject=Contacto-Desde-El-Blog-Manchas\" target=\"_blank\" rel=\"noreferrer noopener\">farmaciacoiros@farmaciatana.es<\/a>, mediante whatsapp al&nbsp;<a href=\"http:\/\/wa.link\/f535dn\" target=\"_blank\" rel=\"noreferrer noopener\">611416599<\/a>&nbsp;o llamarnos al&nbsp;<a href=\"tel:981796447\">981796447<\/a>&nbsp;o&nbsp;<a href=\"tel:981796304\">981796304<\/a>. \u00a1Estaremos encantados de asesorarte!<\/p>\n\n\n\n<p>Te pediremos informaci\u00f3n acerca de tu problema y buscaremos una rutina que logre hacer desaparecer ese problema en tu piel.<\/p>\n\n\n\n<p>Estamos deseando charlar contigo. \u00a1Te esperamos en Farmacia Ta\u00f1\u00e1! \ud83d\udc9c<\/p>\n","protected":false},"excerpt":{"rendered":"<p>\u00bfBrote de acn\u00e9 despu\u00e9s del verano? \u00a1Te ayudamos! \u00a1Evita los granitos en esta \u00e9poca! \u00a1Hola a todos! Ya estamos en oto\u00f1o, y en esta \u00e9poca podemos ver un empeoramiento en los casos de acn\u00e9, \u00bfsabes por qu\u00e9? Por eso, hoy vamos a recordar que es el acn\u00e9, qu\u00e9 factores influyen en \u00e9l, por qu\u00e9 empeora [&hellip;]<\/p>\n","protected":false},"author":1,"featured_media":1781,"comment_status":"open","ping_status":"open","sticky":false,"template":"","format":"standard","meta":{"_et_pb_use_builder":"off","_et_pb_old_content":"","_et_gb_content_width":"","footnotes":""},"categories":[1],"tags":[],"class_list":["post-1233","post","type-post","status-publish","format-standard","has-post-thumbnail","hentry","category-cuidado-de-la-piel","et-has-post-format-content","et_post_format-et-post-format-standard"],"_links":{"self":[{"href":"https:\/\/farmaciatana.es\/blog\/wp-json\/wp\/v2\/posts\/1233","targetHints":{"allow":["GET"]}}],"collection":[{"href":"https:\/\/farmaciatana.es\/blog\/wp-json\/wp\/v2\/posts"}],"about":[{"href":"https:\/\/farmaciatana.es\/blog\/wp-json\/wp\/v2\/types\/post"}],"author":[{"embeddable":true,"href":"https:\/\/farmaciatana.es\/blog\/wp-json\/wp\/v2\/users\/1"}],"replies":[{"embeddable":true,"href":"https:\/\/farmaciatana.es\/blog\/wp-json\/wp\/v2\/comments?post=1233"}],"version-history":[{"count":25,"href":"https:\/\/farmaciatana.es\/blog\/wp-json\/wp\/v2\/posts\/1233\/revisions"}],"predecessor-version":[{"id":1727,"href":"https:\/\/farmaciatana.es\/blog\/wp-json\/wp\/v2\/posts\/1233\/revisions\/1727"}],"wp:featuredmedia":[{"embeddable":true,"href":"https:\/\/farmaciatana.es\/blog\/wp-json\/wp\/v2\/media\/1781"}],"wp:attachment":[{"href":"https:\/\/farmaciatana.es\/blog\/wp-json\/wp\/v2\/media?parent=1233"}],"wp:term":[{"taxonomy":"category","embeddable":true,"href":"https:\/\/farmaciatana.es\/blog\/wp-json\/wp\/v2\/categories?post=1233"},{"taxonomy":"post_tag","embeddable":true,"href":"https:\/\/farmaciatana.es\/blog\/wp-json\/wp\/v2\/tags?post=1233"}],"curies":[{"name":"wp","href":"https:\/\/api.w.org\/{rel}","templated":true}]}}