{"id":1642,"date":"2024-04-10T11:01:00","date_gmt":"2024-04-10T10:01:00","guid":{"rendered":"https:\/\/farmaciatana.es\/blog\/?p=1642"},"modified":"2025-05-09T17:44:47","modified_gmt":"2025-05-09T16:44:47","slug":"gafas-de-sol-infantiles","status":"publish","type":"post","link":"https:\/\/farmaciatana.es\/blog\/2024\/04\/10\/gafas-de-sol-infantiles\/","title":{"rendered":"5 razones para comprar gafas de sol infantiles"},"content":{"rendered":"\n<div class=\"wp-block-rank-math-toc-block\" id=\"rank-math-toc\"><h2>Tabla de contenidos<\/h2><nav><ol><li><a href=\"#tipos-de-lentes-de-gafas-de-sol\">Tipos de lentes de gafas de sol<\/a><ol><li><a href=\"#categoria-0\">Categor\u00eda 0<\/a><\/li><li><a href=\"#categoria-1\">Categor\u00eda 1<\/a><\/li><li><a href=\"#categoria-2\">Categor\u00eda 2<\/a><\/li><li><a href=\"#categoria-3\">Categor\u00eda 3<\/a><\/li><li><a href=\"#categoria-4\">Categor\u00eda 4<\/a><\/li><\/ol><\/li><li><a href=\"#beneficios-de-utilizar-gafas-de-sol-infantiles\">Beneficios de utilizar gafas de sol infantiles<\/a><\/li><li><a href=\"#todavia-no-sabes-que-gafas-de-sol-infantiles-elegir\">\u00bfTodav\u00eda no sabes qu\u00e9 gafas de sol infantiles elegir?<\/a><\/li><\/ol><\/nav><\/div>\n\n\n\n<p>\u00a1Hola! Hoy vamos a hablar de las gafas de sol infantiles, ya que \u00f3ptica es mi campo, y que es muy importante proteger nuestros ojos con gafas de sol, pero \u00bfy los peques?<\/p>\n\n\n\n<p>El sol brilla con intensidad y los d\u00edas se alargan a partir del cambio de hora de la semana pasada. Ahora anochece cada vez m\u00e1s tarde y los d\u00edas se alargan hasta el final del verano, pero eso tambi\u00e9n implica m\u00e1s horas de sol para nuestros ojos.<\/p>\n\n\n\n<div class=\"wp-block-group is-layout-constrained wp-block-group-is-layout-constrained\">\n<p>A menudo subestimamos la importancia de proteger los ojos, pero sobre todo la de los ni\u00f1os, y en verdad es fundamental para su salud visual a largo plazo. \u00bfSabes por qu\u00e9 es muy importante cuidar la salud visual de los ni\u00f1os? Su sistema visual es inmaduro, est\u00e1 en desarrollo, y no tienen la misma capacidad de protecci\u00f3n que la de un adulto.<\/p>\n\n\n\n<h2 class=\"wp-block-heading\" id=\"tipos-de-lentes-de-gafas-de-sol\">Tipos de lentes de gafas de sol<\/h2>\n\n\n\n<p>En cuanto a los cristales de las gafas de sol, hay varios tipos seg\u00fan los filtros de categor\u00eda de la norma ISO 8980-3.<\/p>\n\n\n\n<figure class=\"wp-block-image size-large\"><img loading=\"lazy\" decoding=\"async\" width=\"1024\" height=\"576\" src=\"https:\/\/farmaciatana.es\/blog\/wp-content\/uploads\/2024\/04\/filtros-1024x576.png\" alt=\"filtros de las gafas de sol. categor\u00edas de lente\" class=\"wp-image-1652\" srcset=\"https:\/\/farmaciatana.es\/blog\/wp-content\/uploads\/2024\/04\/filtros-1024x576.png 1024w, https:\/\/farmaciatana.es\/blog\/wp-content\/uploads\/2024\/04\/filtros-300x169.png 300w, https:\/\/farmaciatana.es\/blog\/wp-content\/uploads\/2024\/04\/filtros-768x432.png 768w, https:\/\/farmaciatana.es\/blog\/wp-content\/uploads\/2024\/04\/filtros-1080x608.png 1080w, https:\/\/farmaciatana.es\/blog\/wp-content\/uploads\/2024\/04\/filtros.png 1280w\" sizes=\"(max-width: 1024px) 100vw, 1024px\" \/><\/figure>\n\n\n\n<h3 class=\"wp-block-heading\" id=\"categoria-0\">Categor\u00eda 0<\/h3>\n\n\n\n<p>Los filtros de la categor\u00eda 0 al 19% de la luz, por lo que son lentes que pueden usarse en todo tipo de circunstancias.<\/p>\n\n\n\n<h3 class=\"wp-block-heading\" id=\"categoria-1\">Categor\u00eda 1<\/h3>\n\n\n\n<p>Los filtros de la categor\u00eda 1 filtran desde el 20% de la luz al 56%. Se recomienda utilizar en todas las circunstancias excepto de noche, ya que bajar\u00e1n la capacidad de visi\u00f3n.<\/p>\n\n\n\n<h3 class=\"wp-block-heading\" id=\"categoria-2\">Categor\u00eda 2<\/h3>\n\n\n\n<p>Son lentes que filtran de un 57 a un 80% de la luz visible, por lo que no son aptas para conducir de noche y suelen estar ligeramente coloreadas.<\/p>\n\n\n\n<h3 class=\"wp-block-heading\" id=\"categoria-3\">Categor\u00eda 3<\/h3>\n\n\n\n<p>Las gafas de sol suelen tener la categor\u00eda 3, ya que filtran del 80 al 90% de la luz visible. Es importante que tengan esta categor\u00eda ya que existen cristales te\u00f1idos que pueden ser de categor\u00eda inferior y que son peores que los claros, ya que aunque parece que tapan m\u00e1s el sol, se dilata m\u00e1s la pupila por la oscuridad y entran m\u00e1s rayos de los que no filtran, por eso, \u00a1ojo con esto!<\/p>\n\n\n\n<h3 class=\"wp-block-heading\" id=\"categoria-4\">Categor\u00eda 4<\/h3>\n\n\n\n<p>En esta categor\u00eda, las lentes absorben hasta el 98% de la luz visible. Estas gafas suelen ser las que se utilizan para la nieve o deportes acu\u00e1ticos por ejemplo, pero no son aptas para el d\u00eda a d\u00eda.<\/p>\n\n\n\n<h2 class=\"wp-block-heading\" id=\"beneficios-de-utilizar-gafas-de-sol-infantiles\">Beneficios de utilizar gafas de sol infantiles<\/h2>\n\n\n\n<p>Los beneficios de usar <a href=\"https:\/\/farmaciatana.es\/146-gafas-de-sol\">gafas de sol infantiles<\/a> van desde la protecci\u00f3n contra los rayos UV hasta la prevenci\u00f3n de lesiones oculares.<\/p>\n<\/div>\n\n\n\n<p>Por eso, te voy a dar en este art\u00edculo, 5 razones para regalarle a tu peque unas gafas de sol:<\/p>\n\n\n\n<ol class=\"wp-block-list\">\n<li><strong>Protecci\u00f3n contra los rayos UV:<\/strong> los ojos de los m\u00e1s peques son mucho m\u00e1s sensibles a los da\u00f1os causados por la radiaci\u00f3n ultravioleta en general. Las gafas de sol est\u00e1n dise\u00f1adas espec\u00edficamente para evitar esto. Adem\u00e1s, sus lentes bloquean los rayos UV, reduciendo el riesgo de problemas oculares. Busca unas gafas de sol que protejan bien la vista y que tengan el filtro UV400.<\/li>\n\n\n\n<li><strong>Prevenci\u00f3n de lesiones oculares:<\/strong> cuando los ni\u00f1os est\u00e1n al aire libre, pueden estar expuestos a diversos riesgos para los ojos, como el polvo, la arena o que entren en los ojos objetos extra\u00f1os. Las gafas de sol act\u00faan como barrera, protegiendo los ojos y evitando que sufran lesiones oculares.<\/li>\n\n\n\n<li><strong>Comodidad y visibilidad:<\/strong> las gafas de sol est\u00e1n dise\u00f1adas para ser c\u00f3modas y ajustarse a la forma de la cara. Las gafas infantiles, con m\u00e1s raz\u00f3n, por lo que suelen ser ligeras, duraderas y se adaptan a los rostros de los ni\u00f1os por edad. Adem\u00e1s, su uso mejora la visibilidad de los ni\u00f1os en zonas soleadas, lo que hace que disfruten m\u00e1s de las actividades al aire libre.<\/li>\n\n\n\n<li><strong>Creaci\u00f3n de h\u00e1bitos saludables:<\/strong> est\u00e1 claro que los ni\u00f1os son como libros abiertos para aprender nuestras costumbres, por lo que al empezar desde peque\u00f1os a ense\u00f1arles el h\u00e1bito de usar gafas de sol, seguro que lo aprenden y luego cuidar\u00e1n bien de su vista.<\/li>\n\n\n\n<li><strong>Estilo y diversi\u00f3n:<\/strong> \u00a1Las gafas de sol tambi\u00e9n pueden ser divertidas! Hay muchos modelos de gafas de sol, \u00bfpero hab\u00e9is visto las de <a href=\"https:\/\/www.suavinex.com\/gafas-sol\" target=\"_blank\" rel=\"noopener\">Suavinex<\/a> de este a\u00f1o? Sabemos que a vosotros os encantan pero es que a nosotros nos tienen totalmente in love tambi\u00e9n. As\u00ed que si te gustan, corre a por ellas, porque son una edici\u00f3n especial y no durar\u00e1n mucho. Adem\u00e1s, tienen filtro UV400 y sus lentes son de categor\u00eda 3.<\/li>\n<\/ol>\n\n\nArray\n\n\n\n<p>En resumen, invertir en gafas de sol infantiles cuidar\u00e1 de salud de los peques desde el primer momento, y de la salud visual a largo plazo.<\/p>\n\n\n\n<p>\u00a1Protege los ojos de los peque\u00f1os y consigue mantener el estilo y la seguridad!<\/p>\n\n\n\n<h2 class=\"wp-block-heading\" id=\"todavia-no-sabes-que-gafas-de-sol-infantiles-elegir\">\u00bfTodav\u00eda no sabes qu\u00e9 gafas de sol infantiles elegir?<\/h2>\n\n\n\n<p>\u00a1Contacta con nosotros! Puedes hablarnos a trav\u00e9s de correo electr\u00f3nico a&nbsp;<a href=\"mailto:farmaciacoiros@farmaciatana.es?Subject=Contacto-Desde-El-Blog-Manchas\" target=\"_blank\" rel=\"noreferrer noopener\">farmaciacoiros@farmaciatana.es<\/a>, mediante whatsapp al&nbsp;<a href=\"http:\/\/wa.link\/f535dn\" target=\"_blank\" rel=\"noreferrer noopener\">611416599<\/a>&nbsp;o llamarnos al&nbsp;<a href=\"tel:981796447\">981796447<\/a>&nbsp;o&nbsp;<a href=\"tel:981796304\">981796304<\/a>. \u00a1Estaremos encantados de asesorarte!<\/p>\n\n\n\n<p>Te pediremos informaci\u00f3n acerca de tu caso, tus gustos y te recomendaremos los productos que mejor se adapten a ti.<\/p>\n\n\n\n<p>Estamos deseando charlar contigo. \u00a1Te esperamos en Farmacia Ta\u00f1\u00e1! \ud83d\udc9c<\/p>\n","protected":false},"excerpt":{"rendered":"<p>\u00a1Hola! Hoy vamos a hablar de las gafas de sol infantiles, ya que \u00f3ptica es mi campo, y que es muy importante proteger nuestros ojos con gafas de sol, pero \u00bfy los peques? El sol brilla con intensidad y los d\u00edas se alargan a partir del cambio de hora de la semana pasada. Ahora anochece [&hellip;]<\/p>\n","protected":false},"author":2,"featured_media":2003,"comment_status":"open","ping_status":"open","sticky":false,"template":"","format":"standard","meta":{"_et_pb_use_builder":"off","_et_pb_old_content":"","_et_gb_content_width":"","footnotes":""},"categories":[169],"tags":[167,168],"class_list":["post-1642","post","type-post","status-publish","format-standard","has-post-thumbnail","hentry","category-optica","tag-gafas-de-sol","tag-optica","et-has-post-format-content","et_post_format-et-post-format-standard"],"_links":{"self":[{"href":"https:\/\/farmaciatana.es\/blog\/wp-json\/wp\/v2\/posts\/1642","targetHints":{"allow":["GET"]}}],"collection":[{"href":"https:\/\/farmaciatana.es\/blog\/wp-json\/wp\/v2\/posts"}],"about":[{"href":"https:\/\/farmaciatana.es\/blog\/wp-json\/wp\/v2\/types\/post"}],"author":[{"embeddable":true,"href":"https:\/\/farmaciatana.es\/blog\/wp-json\/wp\/v2\/users\/2"}],"replies":[{"embeddable":true,"href":"https:\/\/farmaciatana.es\/blog\/wp-json\/wp\/v2\/comments?post=1642"}],"version-history":[{"count":13,"href":"https:\/\/farmaciatana.es\/blog\/wp-json\/wp\/v2\/posts\/1642\/revisions"}],"predecessor-version":[{"id":2004,"href":"https:\/\/farmaciatana.es\/blog\/wp-json\/wp\/v2\/posts\/1642\/revisions\/2004"}],"wp:featuredmedia":[{"embeddable":true,"href":"https:\/\/farmaciatana.es\/blog\/wp-json\/wp\/v2\/media\/2003"}],"wp:attachment":[{"href":"https:\/\/farmaciatana.es\/blog\/wp-json\/wp\/v2\/media?parent=1642"}],"wp:term":[{"taxonomy":"category","embeddable":true,"href":"https:\/\/farmaciatana.es\/blog\/wp-json\/wp\/v2\/categories?post=1642"},{"taxonomy":"post_tag","embeddable":true,"href":"https:\/\/farmaciatana.es\/blog\/wp-json\/wp\/v2\/tags?post=1642"}],"curies":[{"name":"wp","href":"https:\/\/api.w.org\/{rel}","templated":true}]}}