{"id":2023,"date":"2025-08-27T12:40:06","date_gmt":"2025-08-27T11:40:06","guid":{"rendered":"https:\/\/farmaciatana.es\/blog\/?p=2023"},"modified":"2025-10-08T14:19:28","modified_gmt":"2025-10-08T13:19:28","slug":"beneficios-de-la-vitamina-c-para-la-piel","status":"publish","type":"post","link":"https:\/\/farmaciatana.es\/blog\/2025\/08\/27\/beneficios-de-la-vitamina-c-para-la-piel\/","title":{"rendered":"Beneficios de la vitamina C para la piel"},"content":{"rendered":"\n<p>Pese a que los <strong>beneficios de la vitamina C para la piel todav\u00eda no son tan conocidos <\/strong>por la gran mayor\u00eda de personas como los que presenta para el resto de la salud en general, <strong>este micronutriente constituye un gran aliado para la belleza.<\/strong><\/p>\n\n\n\n<p>Se trata de uno de los ingredientes m\u00e1s valorados en el mundo del cuidado de la piel. No solo es esencial para el funcionamiento general del organismo, sino que tambi\u00e9n <strong>juega un papel clave en la salud cut\u00e1nea.<\/strong><\/p>\n\n\n\n<p>Si todav\u00eda no conoces todos los beneficios que tiene la vitamina C para la piel, sigue leyendo porque a lo largo de este post te contamos todo lo que necesitas saber para hacer de la vitamina C tu nuevo aliado.<\/p>\n\n\n\n<h2 class=\"wp-block-heading\">\u00bfQU\u00c9 ES LA VITAMINA C Y POR QU\u00c9 ES IMPORTANTE PARA LA PIEL?<\/h2>\n\n\n\n<p><strong>La vitamina C es un antioxidante esencial para la salud de la piel. <\/strong>Sus propiedades ayudan a protegerla del da\u00f1o causado por los radicales libres, promueven la producci\u00f3n de col\u00e1geno y pueden ayudar a reducir la apariencia de manchas oscuras y arrugas.<\/p>\n\n\n\n<p>Nuestra piel est\u00e1 constantemente expuesta a factores externos como la contaminaci\u00f3n, el sol, el estr\u00e9s y los cambios de temperatura. <strong>Todo esto genera radicales libres, que son mol\u00e9culas inestables que da\u00f1an las c\u00e9lulas y aceleran el envejecimiento.<\/strong><\/p>\n\n\n\n<figure class=\"wp-block-image aligncenter size-full\"><img loading=\"lazy\" decoding=\"async\" width=\"1000\" height=\"667\" src=\"https:\/\/farmaciatana.es\/blog\/wp-content\/uploads\/2025\/08\/vitamina-c-para-la-piel.jpg\" alt=\"\" class=\"wp-image-2025\" srcset=\"https:\/\/farmaciatana.es\/blog\/wp-content\/uploads\/2025\/08\/vitamina-c-para-la-piel.jpg 1000w, https:\/\/farmaciatana.es\/blog\/wp-content\/uploads\/2025\/08\/vitamina-c-para-la-piel-300x200.jpg 300w, https:\/\/farmaciatana.es\/blog\/wp-content\/uploads\/2025\/08\/vitamina-c-para-la-piel-768x512.jpg 768w\" sizes=\"(max-width: 1000px) 100vw, 1000px\" \/><\/figure>\n\n\n\n<p><strong>La vitamina C act\u00faa como un potente antioxidante<\/strong>, neutralizando estos radicales libres y ayudando a proteger la piel del da\u00f1o oxidativo. <strong>Pero su funci\u00f3n no termina ah\u00ed. <\/strong>Esta vitamina es fundamental para la producci\u00f3n de col\u00e1geno, una prote\u00edna responsable de mantener la piel firme, el\u00e1stica y con aspecto juvenil.<\/p>\n\n\n\n<p>Sin suficiente vitamina C, la piel pierde tonicidad y puede volverse m\u00e1s apagada y fl\u00e1cida.<\/p>\n\n\n\n<h2 class=\"wp-block-heading\">6 BENEFICIOS DE LA VITAMINA C PARA LA PIEL<\/h2>\n\n\n\n<p><strong>Los beneficios de la vitamina C para la piel son muchos<\/strong>, tanto a corto como a largo plazo. A continuaci\u00f3n, te explicamos cu\u00e1les son los m\u00e1s importantes:<\/p>\n\n\n\n<h3 class=\"wp-block-heading\"><a><\/a>1. Ilumina el rostro<\/h3>\n\n\n\n<p>Uno de los efectos m\u00e1s visibles de la vitamina C es la<strong> luminosidad que aporta a la piel. <\/strong>Su capacidad para inhibir la producci\u00f3n excesiva de melanina ayuda a reducir las manchas oscuras, unificando el tono y aportando una apariencia m\u00e1s radiante.<\/p>\n\n\n\n<h3 class=\"wp-block-heading\"><a><\/a>2. Previene el envejecimiento prematuro<\/h3>\n\n\n\n<p><strong>Gracias a su poder antioxidante, la vitamina C protege las c\u00e9lulas cut\u00e1neas del da\u00f1o provocado por los radicales libres<\/strong>, responsables del envejecimiento. Esto se traduce en menos arrugas, l\u00edneas de expresi\u00f3n y p\u00e9rdida de firmeza con el paso del tiempo.<\/p>\n\n\n\n<h3 class=\"wp-block-heading\"><a><\/a>3. Estimula la producci\u00f3n de col\u00e1geno<\/h3>\n\n\n\n<p>El col\u00e1geno es el \u00absost\u00e9n\u00bb de la piel.<strong> La vitamina C interviene directamente en su s\u00edntesis<\/strong>, mejorando la elasticidad y ayudando a mantener la piel tersa y firme.<\/p>\n\n\n\n<h3 class=\"wp-block-heading\"><a><\/a>4. Mejora la textura de la piel<\/h3>\n\n\n\n<p>Con un uso constante, <strong>la vitamina C suaviza la superficie cut\u00e1nea, ayudando a disminuir la apariencia de poros<\/strong>, cicatrices de acn\u00e9 y otras imperfecciones.<\/p>\n\n\n\n<h3 class=\"wp-block-heading\"><a><\/a>5. Acelera la cicatrizaci\u00f3n<\/h3>\n\n\n\n<p>En pieles con tendencia acneica o con heridas leves, <strong>la vitamina C favorece la regeneraci\u00f3n celular, acelerando el proceso de curaci\u00f3n.<\/strong><\/p>\n\n\n\n<h3 class=\"wp-block-heading\"><a><\/a>6. Protege contra los da\u00f1os solares<\/h3>\n\n\n\n<p><strong>Aunque no sustituye al protector solar, la vitamina C refuerza la defensa natural de la piel frente a los rayos UV<\/strong>, ayudando a reducir la inflamaci\u00f3n y el enrojecimiento derivados de la exposici\u00f3n al sol.<\/p>\n\n\n\n<h2 class=\"wp-block-heading\">\u00bfC\u00d3MO INCLUIR LA VITAMINA C EN TU RUTINA DE SKINCARE?<\/h2>\n\n\n\n<p><strong>Incorporar la vitamina C a tu rutina de cuidado facial es m\u00e1s sencillo de lo que parece. <\/strong>El formato m\u00e1s eficaz suele ser en serum, por su alta concentraci\u00f3n y capacidad de penetrar en las capas profundas de la piel.<\/p>\n\n\n\n<p>Aprovechamos para explicarte c\u00f3mo incluir la vitamina C para la piel en tu rutina de skincare diaria:<\/p>\n\n\n\n<ol class=\"wp-block-list\">\n<li><strong>Limpieza: <\/strong>comienza siempre con una buena limpieza facial para eliminar impurezas y preparar la piel para absorber mejor los activos.<\/li>\n\n\n\n<li><strong>Aplicaci\u00f3n del serum de vitamina C: <\/strong>despu\u00e9s de limpiar y tonificar, aplica 3-5 gotas de serum en el rostro y cuello, evitando el contorno de ojos. Realiza suaves toques con la yema de los dedos para facilitar la absorci\u00f3n.<\/li>\n\n\n\n<li><strong>Hidrataci\u00f3n: <\/strong>sella los activos con una crema hidratante adecuada a tu tipo de piel.<\/li>\n\n\n\n<li><strong>Protecci\u00f3n solar: <\/strong>por la ma\u00f1ana, no olvides aplicar protector solar de amplio espectro. Aunque la vitamina C protege parcialmente del sol, no sustituye el uso de un SPF.<\/li>\n<\/ol>\n\n\n\n<p><strong>Para mejores resultados, se recomienda usar el serum de vitamina C por la ma\u00f1ana<\/strong>, aunque algunas f\u00f3rmulas tambi\u00e9n est\u00e1n dise\u00f1adas para uso nocturno.<\/p>\n\n\n\n<h3 class=\"wp-block-heading\">Serums de vitamina C recomendados<\/h3>\n\n\n\n<figure class=\"wp-block-gallery has-nested-images columns-default is-cropped wp-block-gallery-1 is-layout-flex wp-block-gallery-is-layout-flex\">\n<figure class=\"wp-block-image size-large\"><a href=\"https:\/\/farmaciatana.es\/serum\/142-la-roche-posay-pure-vitamin-c12-serum-30-ml-3337875909235.html\"><img loading=\"lazy\" decoding=\"async\" width=\"800\" height=\"800\" data-id=\"2027\" src=\"https:\/\/farmaciatana.es\/blog\/wp-content\/uploads\/2025\/08\/la-roche-posay-pure-vitamin-c12-serum-30-ml.webp\" alt=\"\" class=\"wp-image-2027\" srcset=\"https:\/\/farmaciatana.es\/blog\/wp-content\/uploads\/2025\/08\/la-roche-posay-pure-vitamin-c12-serum-30-ml.webp 800w, https:\/\/farmaciatana.es\/blog\/wp-content\/uploads\/2025\/08\/la-roche-posay-pure-vitamin-c12-serum-30-ml-300x300.webp 300w, https:\/\/farmaciatana.es\/blog\/wp-content\/uploads\/2025\/08\/la-roche-posay-pure-vitamin-c12-serum-30-ml-150x150.webp 150w, https:\/\/farmaciatana.es\/blog\/wp-content\/uploads\/2025\/08\/la-roche-posay-pure-vitamin-c12-serum-30-ml-768x768.webp 768w, https:\/\/farmaciatana.es\/blog\/wp-content\/uploads\/2025\/08\/la-roche-posay-pure-vitamin-c12-serum-30-ml-440x440.webp 440w\" sizes=\"(max-width: 800px) 100vw, 800px\" \/><\/a><\/figure>\n\n\n\n<figure class=\"wp-block-image size-large\"><a href=\"https:\/\/farmaciatana.es\/serum\/5084-gema-herrerias-serum-15-antiox-c-30-ml-8437019231743.html\"><img loading=\"lazy\" decoding=\"async\" width=\"800\" height=\"800\" data-id=\"2028\" src=\"https:\/\/farmaciatana.es\/blog\/wp-content\/uploads\/2025\/08\/gema-herrerias-serum-15-antiox-c-30-ml.jpg\" alt=\"\" class=\"wp-image-2028\" srcset=\"https:\/\/farmaciatana.es\/blog\/wp-content\/uploads\/2025\/08\/gema-herrerias-serum-15-antiox-c-30-ml.jpg 800w, https:\/\/farmaciatana.es\/blog\/wp-content\/uploads\/2025\/08\/gema-herrerias-serum-15-antiox-c-30-ml-300x300.jpg 300w, https:\/\/farmaciatana.es\/blog\/wp-content\/uploads\/2025\/08\/gema-herrerias-serum-15-antiox-c-30-ml-150x150.jpg 150w, https:\/\/farmaciatana.es\/blog\/wp-content\/uploads\/2025\/08\/gema-herrerias-serum-15-antiox-c-30-ml-768x768.jpg 768w, https:\/\/farmaciatana.es\/blog\/wp-content\/uploads\/2025\/08\/gema-herrerias-serum-15-antiox-c-30-ml-440x440.jpg 440w\" sizes=\"(max-width: 800px) 100vw, 800px\" \/><\/a><\/figure>\n\n\n\n<figure class=\"wp-block-image size-large\"><a href=\"https:\/\/farmaciatana.es\/serum\/5519-endocare-c-ferulic-edafence-serum-30-ml-8436574364866.html\"><img loading=\"lazy\" decoding=\"async\" width=\"800\" height=\"800\" data-id=\"2026\" src=\"https:\/\/farmaciatana.es\/blog\/wp-content\/uploads\/2025\/08\/endocare-c-ferulic-edafence-serum-30-ml.webp\" alt=\"\" class=\"wp-image-2026\" srcset=\"https:\/\/farmaciatana.es\/blog\/wp-content\/uploads\/2025\/08\/endocare-c-ferulic-edafence-serum-30-ml.webp 800w, https:\/\/farmaciatana.es\/blog\/wp-content\/uploads\/2025\/08\/endocare-c-ferulic-edafence-serum-30-ml-300x300.webp 300w, https:\/\/farmaciatana.es\/blog\/wp-content\/uploads\/2025\/08\/endocare-c-ferulic-edafence-serum-30-ml-150x150.webp 150w, https:\/\/farmaciatana.es\/blog\/wp-content\/uploads\/2025\/08\/endocare-c-ferulic-edafence-serum-30-ml-768x768.webp 768w, https:\/\/farmaciatana.es\/blog\/wp-content\/uploads\/2025\/08\/endocare-c-ferulic-edafence-serum-30-ml-440x440.webp 440w\" sizes=\"(max-width: 800px) 100vw, 800px\" \/><\/a><\/figure>\n<\/figure>\n\n\n\n<p><\/p>\n\n\n\n<h2 class=\"wp-block-heading\">ERRORES COMUNES AL USAR VITAMINA C PARA LA PIEL<\/h2>\n\n\n\n<p>Aunque la vitamina C es un activo muy beneficioso, <strong>su eficacia puede verse comprometida si no se usa correctamente. <\/strong>\u00bfQu\u00e9 errores evitar? Te lo contamos a continuaci\u00f3n:&nbsp;<\/p>\n\n\n\n<h3 class=\"wp-block-heading\"><a><\/a>1. No usar protecci\u00f3n solar<\/h3>\n\n\n\n<p>Muchas personas aplican vitamina C, pero se olvidan del protector solar. Este error <strong>puede generar manchas en lugar de prevenirlas<\/strong>, ya que la vitamina C sensibiliza ligeramente la piel al sol.<\/p>\n\n\n\n<h3 class=\"wp-block-heading\"><a><\/a>2. Mezclar con ingredientes incompatibles<\/h3>\n\n\n\n<p><strong>No todas las combinaciones son buenas. <\/strong>Por ejemplo, usar vitamina C con \u00e1cidos exfoliantes muy fuertes (como el \u00e1cido glic\u00f3lico) o con retinol puede irritar la piel.<\/p>\n\n\n\n<h3 class=\"wp-block-heading\"><a><\/a>3. Aplicar demasiada cantidad<\/h3>\n\n\n\n<p><strong>M\u00e1s no siempre es mejor. <\/strong>Una peque\u00f1a cantidad de serum (unas gotas) es suficiente para cubrir el rostro. <strong>Excederse puede causar sensibilidad o reacciones.<\/strong><\/p>\n\n\n\n<h3 class=\"wp-block-heading\"><a><\/a>4. No dar tiempo para actuar<\/h3>\n\n\n\n<p><strong>La vitamina C necesita unos minutos para absorberse bien antes de aplicar otros productos. <\/strong>No tengas prisa en tu rutina facial diaria.<\/p>\n\n\n\n<h2 class=\"wp-block-heading\">\u00bfC\u00d3MO ELEGIR EL MEJOR SERUM DE VITAMINA C?<\/h2>\n\n\n\n<p><strong>No todos los productos con vitamina C para la piel son iguales. <\/strong>A la hora de elegir un buen serum, hay varios factores recomendables a tener en cuenta:<\/p>\n\n\n\n<h3 class=\"wp-block-heading\">A. Concentraci\u00f3n<\/h3>\n\n\n\n<p><strong>Una concentraci\u00f3n entre el 10% y el 20% suele ser eficaz para la mayor\u00eda de los tipos de piel. <\/strong>Si tienes una piel sensible, empieza con concentraciones m\u00e1s bajas y ve subiendo gradualmente.<\/p>\n\n\n\n<h3 class=\"wp-block-heading\">B. Tipo de vitamina C<\/h3>\n\n\n\n<p><strong>El \u00e1cido L-asc\u00f3rbico es la forma m\u00e1s pura y potente de vitamina C, pero tambi\u00e9n la m\u00e1s inestable. <\/strong>Existen derivados m\u00e1s estables como el ascorbil gluc\u00f3sido o ascorbil fosfato de sodio que son ideales para pieles sensibles.<\/p>\n\n\n\n<h3 class=\"wp-block-heading\">C. pH del producto<\/h3>\n\n\n\n<p><strong>El pH afecta la estabilidad y la eficacia.<\/strong> Los productos con un pH de entre 3 y 4 son los m\u00e1s efectivos, ya que permiten una mejor penetraci\u00f3n del activo.<\/p>\n\n\n\n<h3 class=\"wp-block-heading\">D. Ingredientes complementarios<\/h3>\n\n\n\n<p><strong>F\u00edjate si el serum incluye ingredientes como vitamina E, \u00e1cido fer\u00falico o \u00e1cido hialur\u00f3nico. <\/strong>Estos act\u00faan en sinergia con la vitamina C y potencian sus beneficios.<\/p>\n\n\n\n<h3 class=\"wp-block-heading\">E. Envase<\/h3>\n\n\n\n<p>Opta por envases opacos, de cristal \u00e1mbar o con tecnolog\u00eda airless. <strong>Esto protege el serum de la luz y el aire, dos factores que aceleran su degradaci\u00f3n.<\/strong><\/p>\n\n\n\n<p>En Farmacia Ta\u00f1\u00e1, <strong>puedes encontrar una selecci\u00f3n de productos con vitamina C para la piel de alta calidad<\/strong>, formulados por laboratorios de confianza. Desde productos orales como c\u00e1psulas hasta productos cosm\u00e9ticos como serums.<\/p>\n\n\n\n<p>Si no est\u00e1s segura de cu\u00e1l es la mejor soluci\u00f3n para ti, nuestro equipo est\u00e1 a tu disposici\u00f3n para asesorarte.<\/p>\n\n\n\n<p><strong>La vitamina C es mucho m\u00e1s que una moda en el mundo del skincare. <\/strong>Es un activo respaldado por la ciencia que ofrece beneficios reales: piel m\u00e1s luminosa, firme y protegida. La clave est\u00e1 en elegir un buen producto, aplicarlo correctamente y ser constante.<\/p>\n","protected":false},"excerpt":{"rendered":"<p>Pese a que los beneficios de la vitamina C para la piel todav\u00eda no son tan conocidos por la gran mayor\u00eda de personas como los que presenta para el resto de la salud en general, este micronutriente constituye un gran aliado para la belleza. Se trata de uno de los ingredientes m\u00e1s valorados en el [&hellip;]<\/p>\n","protected":false},"author":1,"featured_media":2040,"comment_status":"open","ping_status":"open","sticky":false,"template":"","format":"standard","meta":{"_et_pb_use_builder":"off","_et_pb_old_content":"","_et_gb_content_width":"","footnotes":""},"categories":[1,21],"tags":[],"class_list":["post-2023","post","type-post","status-publish","format-standard","has-post-thumbnail","hentry","category-cuidado-de-la-piel","category-autocuidado","et-has-post-format-content","et_post_format-et-post-format-standard"],"_links":{"self":[{"href":"https:\/\/farmaciatana.es\/blog\/wp-json\/wp\/v2\/posts\/2023","targetHints":{"allow":["GET"]}}],"collection":[{"href":"https:\/\/farmaciatana.es\/blog\/wp-json\/wp\/v2\/posts"}],"about":[{"href":"https:\/\/farmaciatana.es\/blog\/wp-json\/wp\/v2\/types\/post"}],"author":[{"embeddable":true,"href":"https:\/\/farmaciatana.es\/blog\/wp-json\/wp\/v2\/users\/1"}],"replies":[{"embeddable":true,"href":"https:\/\/farmaciatana.es\/blog\/wp-json\/wp\/v2\/comments?post=2023"}],"version-history":[{"count":2,"href":"https:\/\/farmaciatana.es\/blog\/wp-json\/wp\/v2\/posts\/2023\/revisions"}],"predecessor-version":[{"id":2029,"href":"https:\/\/farmaciatana.es\/blog\/wp-json\/wp\/v2\/posts\/2023\/revisions\/2029"}],"wp:featuredmedia":[{"embeddable":true,"href":"https:\/\/farmaciatana.es\/blog\/wp-json\/wp\/v2\/media\/2040"}],"wp:attachment":[{"href":"https:\/\/farmaciatana.es\/blog\/wp-json\/wp\/v2\/media?parent=2023"}],"wp:term":[{"taxonomy":"category","embeddable":true,"href":"https:\/\/farmaciatana.es\/blog\/wp-json\/wp\/v2\/categories?post=2023"},{"taxonomy":"post_tag","embeddable":true,"href":"https:\/\/farmaciatana.es\/blog\/wp-json\/wp\/v2\/tags?post=2023"}],"curies":[{"name":"wp","href":"https:\/\/api.w.org\/{rel}","templated":true}]}}