{"id":251,"date":"2022-12-09T17:16:56","date_gmt":"2022-12-09T15:16:56","guid":{"rendered":"https:\/\/farmaciatana.es\/blog\/?p=251"},"modified":"2024-05-26T19:49:03","modified_gmt":"2024-05-26T18:49:03","slug":"colico-del-lactante","status":"publish","type":"post","link":"https:\/\/farmaciatana.es\/blog\/2022\/12\/09\/colico-del-lactante\/","title":{"rendered":"El c\u00f3lico del lactante"},"content":{"rendered":"\n<h2 class=\"wp-block-heading\">Definici\u00f3n del c\u00f3lico del lactante<\/h2>\n\n\n\n<p>Hoy vamos a hablar sobre una patolog\u00eda que afecta a los beb\u00e9s menores de 4 meses: el c\u00f3lico del lactante.  <\/p>\n\n\n\n<p>El c\u00f3lico del lactante es un problema com\u00fan en los beb\u00e9s, que se caracteriza por un llanto inconsolable y prolongado durante al menos tres horas al d\u00eda, tres d\u00edas a la semana, durante al menos tres semanas consecutivas. Aunque no se sabe exactamente qu\u00e9 lo causa, se cree que puede deberse a la inmadurez del sistema digestivo, la intolerancia a la lactosa, el exceso de aire en el est\u00f3mago, la ansiedad de los padres, entre otros factores.<\/p>\n\n\n\n<p>Podemos definir el c\u00f3lico del lactante como una alteraci\u00f3n caracterizada por crisis de llanto inconsolable en ni\u00f1os aparentemente sanos, que aumentan de tama\u00f1o y peso de forma normal.  <\/p>\n\n\n\n<h3 class=\"wp-block-heading\">S\u00edntomas<\/h3>\n\n\n\n<p>Entre los s\u00edntomas que caracterizan el c\u00f3lico del lactante encontramos los siguientes s\u00edntomas:<\/p>\n\n\n\n<ul class=\"wp-block-list\">\n<li>Llanto intenso que puede recordar a un grito o una manifestaci\u00f3n de dolor.<\/li>\n\n\n\n<li>Llanto sin una causa aparente (no llanto por hambre o para cambiar el pa\u00f1al)<\/li>\n\n\n\n<li>Nerviosismo extremo, incluso tras disminuir el llanto<\/li>\n<\/ul>\n\n\n\n<h2 class=\"wp-block-heading\">Posibles causas del c\u00f3lico del lactante<\/h2>\n\n\n\n<p>Actualmente esta patolog\u00eda es de etolog\u00eda desconocida, es decir no se conoce la causa, aunque hay varios factores que se han propuesto como causantes o al menos propiciadores para la aparici\u00f3n del c\u00f3lico del lactante. Entre estos posibles causantes del c\u00f3lico del lactante se encuentran:<\/p>\n\n\n\n<ul class=\"wp-block-list\">\n<li>La inmadurez intestinal del reci\u00e9n nacido que podr\u00eda propiciar el acumulo de gas generado por las bacterias del intestino por la incapacidad de digerir completamente el alimento<\/li>\n\n\n\n<li>T\u00e9cnicas de alimentaci\u00f3n inadecuadas que podr\u00edan facilitar problemas con la degluci\u00f3n del aire<\/li>\n\n\n\n<li>Tabaquismo materno<\/li>\n<\/ul>\n\n\n\n<h2 class=\"wp-block-heading\">Consejos para el c\u00f3lico del lactante<\/h2>\n\n\n\n<p>Aunque el c\u00f3lico del lactante es una afecci\u00f3n temporal y no suele durar m\u00e1s de tres meses, puede ser muy angustiante tanto para el beb\u00e9 como para sus padres.<\/p>\n\n\n\n<p>Para ayudarnos a paliar los s\u00edntomas podemos realizar acciones sencillas que nos ayudaran mucho:<\/p>\n\n\n\n<ul class=\"wp-block-list\">\n<li>Masajes abdominales: Los masajes pueden ayudar a aliviar el dolor y la incomodidad del beb\u00e9. Se puede utilizar aceite de beb\u00e9 o loci\u00f3n y masajear suavemente el abdomen del beb\u00e9 en un movimiento circular.<\/li>\n\n\n\n<li>Poner una bolsa de agua caliente o semillas envuelta en una toalla sobre el abdomen (a temperatura confortable)<\/li>\n\n\n\n<li>Darle un ba\u00f1o para que se calme<\/li>\n\n\n\n<li>Utilizar ruido blanco, aquel en el que todas las frecuencias estan al mismo volumen.<\/li>\n\n\n\n<li>Ayudar a que el beb\u00e9 elimine los gases <\/li>\n\n\n\n<li>Utilizar leches especiales: Si el beb\u00e9 est\u00e1 siendo amamantado, es importante que la madre evite ciertos alimentos que pueden causar gases o irritaci\u00f3n estomacal, como los alimentos picantes, el chocolate, los c\u00edtricos y los alimentos con alto contenido de cafe\u00edna. Si el beb\u00e9 est\u00e1 siendo alimentado con f\u00f3rmula, se puede probar con una f\u00f3rmula diferente.<\/li>\n\n\n\n<li>Administrar ciertos probi\u00f3ticos<\/li>\n\n\n\n<li>Usar un chupete: El uso de un chupete puede ayudar a calmar al beb\u00e9 y reducir la cantidad de aire que ingiere durante la alimentaci\u00f3n.<\/li>\n\n\n\n<li>Hacer cambios en el estilo de vida: Es importante que los padres se aseguren de que el beb\u00e9 tenga suficiente tiempo para dormir y descansar, ya que el cansancio puede aumentar la irritabilidad del beb\u00e9. Tambi\u00e9n se puede intentar el uso de t\u00e9cnicas de relajaci\u00f3n como el yoga o la meditaci\u00f3n.<\/li>\n\n\n\n<li>Probar con remedios naturales: Se pueden utilizar remedios naturales como la manzanilla, el hinojo o el an\u00eds para ayudar a calmar al beb\u00e9. Sin embargo, es importante hablar con el pediatra antes de utilizar cualquier remedio natural.<\/li>\n<\/ul>\n\n\n\n<p>En el caso de los \u00faltimos puntos anteriores podemos ampliar algo m\u00e1s recomendando ciertos ejemplos para cada apartado:<\/p>\n\n\n\n<ul class=\"wp-block-list\">\n<li>Algunos ejemplos del ruido blanco comunes serian el ruido de un secador de pelo, del extractor de la cocina o de un canal de televisi\u00f3n no sintonizado. Existen apps con melod\u00edas para dormir al beb\u00e9 que los incluyen.<\/li>\n\n\n\n<li>En lo que se refiere a ayudar al bebe a eliminar los gases en caso de utilizar biberones se debe escoger los de tipo antic\u00f3lico como el <a href=\"https:\/\/farmaciatana.es\/biberones\/773-biberon-anticolicos-tetina-lactancia-silicona-mixta-suavinex-8426420049986.html\" target=\"_blank\" rel=\"noreferrer noopener\">Zero Zero Biber\u00f3n Antic\u00f3licos<\/a> de <a href=\"https:\/\/www.suavinex.com\/?gclid=EAIaIQobChMI26uMxLTq-wIVlPhRCh00bwyzEAAYASAAEgJ7svD_BwE\" target=\"_blank\" rel=\"noreferrer noopener\">Suavinex<\/a>.<\/li>\n\n\n\n<li>En lo referente a las leches especiales debemos se\u00f1alar que lo ideal ser\u00eda la lactancia materna pero no siendo posible nos centraremos en leches antic\u00f3lico como <a href=\"https:\/\/farmaciatana.es\/alimentacion-infantil\/200-almiron-digest-1-acae-800-gramos-8718117608300.html\" target=\"_blank\" rel=\"noreferrer noopener\">Almiron Digest<\/a> de <a href=\"https:\/\/www.nutricia.es\/\" target=\"_blank\" rel=\"noreferrer noopener\">Nutricia<\/a>, o tambi\u00e9n, <a href=\"https:\/\/farmaciatana.es\/alimentacion-infantil\/719-enfamil-confort-800-gramos-8712045032268.html\" target=\"_blank\" rel=\"noreferrer noopener\">Enfamil Confort<\/a>.<\/li>\n\n\n\n<li>En cuanto a los productos de probi\u00f3ticos \u00fatiles para el tratamiento del c\u00f3lico del lactante podemos encontrar <a href=\"https:\/\/farmaciatana.es\/digestivo\/2537-lactoflora-colicare-8-ml-gotas-8470001879783.html\" target=\"_blank\" rel=\"noreferrer noopener\">Lactoflora Colicare<\/a> de <a href=\"https:\/\/www.stada.es\/\" target=\"_blank\" rel=\"noreferrer noopener\">Stada <\/a>y <a href=\"https:\/\/farmaciatana.es\/probioticos\/1595-reuteri-gotas-10-ml-8470001790729.html\" target=\"_blank\" rel=\"noreferrer noopener\">Reuteri gotas<\/a> de <a href=\"https:\/\/casenrecordati.com\/\" target=\"_blank\" rel=\"noreferrer noopener\">Casen Recordati<\/a>.<\/li>\n<\/ul>\n\n\n\n<p>Es importante recordar que el c\u00f3lico del lactante es com\u00fan y que la mayor\u00eda de los beb\u00e9s superan esta fase en unas pocas semanas o meses. Mientras tanto, estos consejos pueden ayudar a aliviar los s\u00edntomas del beb\u00e9 y a proporcionar tranquilidad y comodidad a los padres.<\/p>\n\n\n\n<p>\u00bfY tu beb\u00e9 lo ha sufrido? \u00bfC\u00f3mo lo has solucionado? \u00a1Te leemos!<\/p>\n","protected":false},"excerpt":{"rendered":"<p>c\u00f3lico del lactante<\/p>\n","protected":false},"author":1,"featured_media":1860,"comment_status":"open","ping_status":"open","sticky":false,"template":"","format":"standard","meta":{"_et_pb_use_builder":"off","_et_pb_old_content":"","_et_gb_content_width":"","footnotes":""},"categories":[21],"tags":[],"class_list":["post-251","post","type-post","status-publish","format-standard","has-post-thumbnail","hentry","category-autocuidado","et-has-post-format-content","et_post_format-et-post-format-standard"],"_links":{"self":[{"href":"https:\/\/farmaciatana.es\/blog\/wp-json\/wp\/v2\/posts\/251","targetHints":{"allow":["GET"]}}],"collection":[{"href":"https:\/\/farmaciatana.es\/blog\/wp-json\/wp\/v2\/posts"}],"about":[{"href":"https:\/\/farmaciatana.es\/blog\/wp-json\/wp\/v2\/types\/post"}],"author":[{"embeddable":true,"href":"https:\/\/farmaciatana.es\/blog\/wp-json\/wp\/v2\/users\/1"}],"replies":[{"embeddable":true,"href":"https:\/\/farmaciatana.es\/blog\/wp-json\/wp\/v2\/comments?post=251"}],"version-history":[{"count":21,"href":"https:\/\/farmaciatana.es\/blog\/wp-json\/wp\/v2\/posts\/251\/revisions"}],"predecessor-version":[{"id":1861,"href":"https:\/\/farmaciatana.es\/blog\/wp-json\/wp\/v2\/posts\/251\/revisions\/1861"}],"wp:featuredmedia":[{"embeddable":true,"href":"https:\/\/farmaciatana.es\/blog\/wp-json\/wp\/v2\/media\/1860"}],"wp:attachment":[{"href":"https:\/\/farmaciatana.es\/blog\/wp-json\/wp\/v2\/media?parent=251"}],"wp:term":[{"taxonomy":"category","embeddable":true,"href":"https:\/\/farmaciatana.es\/blog\/wp-json\/wp\/v2\/categories?post=251"},{"taxonomy":"post_tag","embeddable":true,"href":"https:\/\/farmaciatana.es\/blog\/wp-json\/wp\/v2\/tags?post=251"}],"curies":[{"name":"wp","href":"https:\/\/api.w.org\/{rel}","templated":true}]}}