{"id":433,"date":"2023-01-27T16:17:06","date_gmt":"2023-01-27T14:17:06","guid":{"rendered":"https:\/\/farmaciatana.es\/blog\/?p=433"},"modified":"2024-05-26T19:33:33","modified_gmt":"2024-05-26T18:33:33","slug":"la-caspa-causas-y-tratamientos","status":"publish","type":"post","link":"https:\/\/farmaciatana.es\/blog\/2023\/01\/27\/la-caspa-causas-y-tratamientos\/","title":{"rendered":"La caspa, un problema para el 50% de la poblaci\u00f3n."},"content":{"rendered":"\n<h2 class=\"wp-block-heading\">Caspa. Definici\u00f3n, s\u00edntomas , causas y factores de riesgo.<\/h2>\n\n\n\n<p>En el post de hoy vamos a hablar de la Caspa. Es una afecci\u00f3n com\u00fan (hasta el 50% de la poblaci\u00f3n se ve afectada) y se la considera como una forma leve de dermatitis seborreica, que provoca la descamaci\u00f3n de la piel del cuero cabelludo. No es contagiosa, pero puede ser vergonzosa y dif\u00edcil de tratar.<\/p>\n\n\n\n<h3 class=\"wp-block-heading\">S\u00edntomas<\/h3>\n\n\n\n<p>Los signos y s\u00edntomas de la caspa pueden incluir los siguientes:<\/p>\n\n\n\n<ul class=\"wp-block-list\">\n<li>Escamas de piel en el cuero cabelludo, el cabello, las cejas, la barba o el bigote y los hombros<\/li>\n\n\n\n<li>Picaz\u00f3n en el cuero cabelludo<\/li>\n\n\n\n<li>Cuero cabelludo escamoso y con costra en beb\u00e9s con costra l\u00e1ctea<\/li>\n<\/ul>\n\n\n\n<h3 class=\"wp-block-heading\">Causas que la provocan<\/h3>\n\n\n\n<p>La caspa puede tener varias causas, incluidas las siguientes:<\/p>\n\n\n\n<ul class=\"wp-block-list\">\n<li>Piel irritada y grasosa<\/li>\n\n\n\n<li>Piel seca<\/li>\n\n\n\n<li>Un hongo de levadura (malassezia) que se alimenta de los aceites en el cuero cabelludo <\/li>\n\n\n\n<li>Sensibilidad a los productos para el cuidado del cabello (dermatitis de contacto)<\/li>\n\n\n\n<li>Otras afecciones de la piel, como psoriasis y eccema<\/li>\n<\/ul>\n\n\n\n<h3 class=\"wp-block-heading\">Factores de riesgo<\/h3>\n\n\n\n<p>Casi cualquier persona puede tener caspa, pero ciertos factores pueden hacer que seas m\u00e1s susceptible, como los siguientes:<\/p>\n\n\n\n<ul class=\"wp-block-list\">\n<li>Edad. Es m\u00e1s habitual hasta que se entra en la mediana edad, pero para algunas personas, el problema puede ser de por vida.<\/li>\n\n\n\n<li>Ser hombre, ya que es m\u00e1s com\u00fan en hombres que en mujeres.<\/li>\n\n\n\n<li>Ciertas enfermedades. La enfermedad de Parkinson y otras enfermedades que afectan al sistema nervioso tambi\u00e9n parecen aumentar el riesgo de tenerla. Lo mismo ocurre con el VIH o un sistema inmunitario debilitado.<\/li>\n<\/ul>\n\n\n\n<h2 class=\"wp-block-heading\">Tratamientos<\/h2>\n\n\n\n<p>Los casos m\u00e1s leves se pueden tratar utilizando diariamente un champ\u00fa suave  como <a href=\"https:\/\/farmaciatana.es\/champu\/3724-sebamed-champu-ultra-suave-200-ml-4103040117892.html\" data-type=\"URL\" data-id=\"https:\/\/farmaciatana.es\/champu\/3724-sebamed-champu-ultra-suave-200-ml-4103040117892.html\" target=\"_blank\" rel=\"noreferrer noopener\">Sebamed Champ\u00fa Ultra Suave 200 ml<\/a> para reducir la grasa y la acumulaci\u00f3n de c\u00e9lulas cut\u00e1neas. Si eso no funciona, un champ\u00fa anticaspa especifico  u otro tratamiento similar como <a href=\"https:\/\/farmaciatana.es\/champu\/3115-phyto-squam-phase1-champu-anticaspa-intensivo-125-ml--3338221004222.html\" data-type=\"URL\" data-id=\"https:\/\/farmaciatana.es\/champu\/3115-phyto-squam-phase1-champu-anticaspa-intensivo-125-ml--3338221004222.html\" target=\"_blank\" rel=\"noreferrer noopener\">Phyto Squam phase1 champ\u00fa anticaspa intensivo 125 ml<\/a> de <a href=\"https:\/\/es.phyto.com\/\" data-type=\"URL\" data-id=\"https:\/\/es.phyto.com\/\" target=\"_blank\" rel=\"noreferrer noopener\">Phyto<\/a>. En el caso de champ\u00fas anticaspa resulta \u00fatil aplicarlo entre 2 y 3 veces por semana, pudiendo combinarlo con un champ\u00fa suave o en casos de cueros cabelludos m\u00e1s secos podr\u00eda ser beneficioso utilizar alg\u00fan producto hidratante capilar.<\/p>\n\n\n\n<p> Una vez los s\u00edntomas est\u00e9n controlados podr\u00edamos espaciar el uso del tratamiento o pasar a otro indicado para la fase de mantenimiento como <a href=\"https:\/\/farmaciatana.es\/champu\/3116-phyto-squam-phase2-champu-anticaspa-mantenimiento-250-ml-3338221004222.html\" data-type=\"URL\" data-id=\"https:\/\/farmaciatana.es\/champu\/3116-phyto-squam-phase2-champu-anticaspa-mantenimiento-250-ml-3338221004222.html\" target=\"_blank\" rel=\"noreferrer noopener\">Phyto Squam phase2 champ\u00fa <\/a>  o <a href=\"https:\/\/farmaciatana.es\/champu\/3117-phyto-squam-phase2-champu-anticaspa-hidratante-250-ml-3338221004024.html\" data-type=\"URL\" data-id=\"https:\/\/farmaciatana.es\/champu\/3117-phyto-squam-phase2-champu-anticaspa-hidratante-250-ml-3338221004024.html\" target=\"_blank\" rel=\"noreferrer noopener\">Phyto Squam phase 2 champ\u00fa hidratante 250 ml<\/a>. Estos champ\u00fas podr\u00edan, si queremos, combinarse con un champ\u00fa suave. Existe la posibilidad de que los s\u00edntomas puedan reaparecer m\u00e1s adelante.  Si un tipo de champ\u00fa funciona bien por un tiempo y luego parece perder su eficacia, intenta alternar entre distintos champ\u00fas.<\/p>\n\n\n\n<p>La mayor\u00eda de las personas con caspa no requieren atenci\u00f3n m\u00e9dica. Consulta a tu m\u00e9dico de atenci\u00f3n primaria o a un m\u00e9dico que se especialice en enfermedades de la piel (dermat\u00f3logo) si la afecci\u00f3n no mejora con el uso regular de champ\u00fa anticaspa. El facultativo nos indicara el tipo de producto debemos utilizar, en la mayor\u00eda de los casos siendo presentaciones con principios activos presentes en los champ\u00fa anticaspa pero en concentraciones mayores que necesitan prescripci\u00f3n.<\/p>\n\n\n\n<p>Los m\u00e1s habituales son los que contienen los siguientes principios activos:<\/p>\n\n\n\n<ul class=\"wp-block-list\">\n<li>Champ\u00fas a base de alquitr\u00e1n que disminuyen la velocidad con la que las c\u00e9lulas cut\u00e1neas del cuero cabelludo mueren y se descaman. Si tienes el cabello de color claro, este tipo de champ\u00fa puede causar decoloraci\u00f3n o tambi\u00e9n que el cuero cabelludo sea m\u00e1s sensible a la luz solar.<\/li>\n\n\n\n<li>Champ\u00fas que contienen \u00e1cido salic\u00edlico que ayudan a eliminar las escamas.<\/li>\n\n\n\n<li>Champ\u00fas con ketoconazol que tiene como finalidad matar los hongos que producen la caspa y que viven en el cuero cabelludo.<\/li>\n<\/ul>\n\n\n\n<p>Gracias por acompa\u00f1arnos en el blog un d\u00eda m\u00e1s. Desde Farmacia Ta\u00f1\u00e1 me despido de vosotros hasta el siguiente post.<\/p>\n","protected":false},"excerpt":{"rendered":"<p>Caspa. Definici\u00f3n, s\u00edntomas , causas y factores de riesgo. En el post de hoy vamos a hablar de la Caspa. Es una afecci\u00f3n com\u00fan (hasta el 50% de la poblaci\u00f3n se ve afectada) y se la considera como una forma leve de dermatitis seborreica, que provoca la descamaci\u00f3n de la piel del cuero cabelludo. No [&hellip;]<\/p>\n","protected":false},"author":1,"featured_media":1850,"comment_status":"open","ping_status":"open","sticky":false,"template":"","format":"standard","meta":{"_et_pb_use_builder":"off","_et_pb_old_content":"","_et_gb_content_width":"","footnotes":""},"categories":[1],"tags":[],"class_list":["post-433","post","type-post","status-publish","format-standard","has-post-thumbnail","hentry","category-cuidado-de-la-piel","et-has-post-format-content","et_post_format-et-post-format-standard"],"_links":{"self":[{"href":"https:\/\/farmaciatana.es\/blog\/wp-json\/wp\/v2\/posts\/433","targetHints":{"allow":["GET"]}}],"collection":[{"href":"https:\/\/farmaciatana.es\/blog\/wp-json\/wp\/v2\/posts"}],"about":[{"href":"https:\/\/farmaciatana.es\/blog\/wp-json\/wp\/v2\/types\/post"}],"author":[{"embeddable":true,"href":"https:\/\/farmaciatana.es\/blog\/wp-json\/wp\/v2\/users\/1"}],"replies":[{"embeddable":true,"href":"https:\/\/farmaciatana.es\/blog\/wp-json\/wp\/v2\/comments?post=433"}],"version-history":[{"count":17,"href":"https:\/\/farmaciatana.es\/blog\/wp-json\/wp\/v2\/posts\/433\/revisions"}],"predecessor-version":[{"id":1851,"href":"https:\/\/farmaciatana.es\/blog\/wp-json\/wp\/v2\/posts\/433\/revisions\/1851"}],"wp:featuredmedia":[{"embeddable":true,"href":"https:\/\/farmaciatana.es\/blog\/wp-json\/wp\/v2\/media\/1850"}],"wp:attachment":[{"href":"https:\/\/farmaciatana.es\/blog\/wp-json\/wp\/v2\/media?parent=433"}],"wp:term":[{"taxonomy":"category","embeddable":true,"href":"https:\/\/farmaciatana.es\/blog\/wp-json\/wp\/v2\/categories?post=433"},{"taxonomy":"post_tag","embeddable":true,"href":"https:\/\/farmaciatana.es\/blog\/wp-json\/wp\/v2\/tags?post=433"}],"curies":[{"name":"wp","href":"https:\/\/api.w.org\/{rel}","templated":true}]}}