{"id":536,"date":"2023-03-03T19:23:47","date_gmt":"2023-03-03T17:23:47","guid":{"rendered":"https:\/\/farmaciatana.es\/blog\/?p=536"},"modified":"2024-05-26T19:20:19","modified_gmt":"2024-05-26T18:20:19","slug":"la-caries-enfermedad-bucodental","status":"publish","type":"post","link":"https:\/\/farmaciatana.es\/blog\/2023\/03\/03\/la-caries-enfermedad-bucodental\/","title":{"rendered":"Caries, 1\u00aa enfermedad bucodental"},"content":{"rendered":"\n<h2 class=\"wp-block-heading\">Qu\u00e9 son y qu\u00e9 s\u00edntomas provocan las caries<\/h2>\n\n\n\n<p>Hoy hablaremos de la enfermedad bucodental mas com\u00fan en los seres humanos: la caries, tambi\u00e9n conocida como caries dental. Es un problema dental com\u00fan causado por una infecci\u00f3n bacteriana que da\u00f1a el esmalte dental y la dentina.<\/p>\n\n\n\n<p>Las bacterias que las causan se alimentan de los az\u00facares y carbohidratos presentes en los alimentos y bebidas que consumimos. A medida que consumen estos az\u00facares, producen \u00e1cido que erosiona gradualmente la capa protectora de esmalte del diente. Con el tiempo, el \u00e1cido puede penetrar en las capas m\u00e1s profundas del diente, provocando que se formen.<\/p>\n\n\n\n<h3 class=\"wp-block-heading\">S\u00edntomas de las caries<\/h3>\n\n\n\n<p>Los s\u00edntomas de una caries incluyen dolor de muelas, sensibilidad y agujeros o hoyos visibles en el diente afectado. Si no se tratan, las caries pueden provocar problemas dentales m\u00e1s graves, como la p\u00e9rdida de dientes o una infecci\u00f3n.<\/p>\n\n\n\n<h2 class=\"wp-block-heading\">Causas de las caries<\/h2>\n\n\n\n<p>Existe una combinaci\u00f3n de factores que propician la aparici\u00f3n de la caries y que podemos considerar causantes de ella. Entre estos factores se incluyen:<\/p>\n\n\n\n<ul class=\"wp-block-list\">\n<li>Mala higiene bucal: no cepillarse los dientes ni usar hilo dental regularmente puede provocar la acumulaci\u00f3n de placa y bacterias en la boca, lo que puede contribuir a su desarrollo.<\/li>\n\n\n\n<li>Alimentos y bebidas azucarados y \u00e1cidos: el consumo de alimentos y bebidas con un alto contenido de az\u00facar o \u00e1cido puede crear un ambiente en la boca propicio para el crecimiento de bacterias.<\/li>\n\n\n\n<li>Boca seca: la saliva ayuda a eliminar las part\u00edculas de comida y neutraliza los \u00e1cidos en la boca. Tener la boca seca debido a ciertas condiciones m\u00e9dicas o medicamentos puede aumentar el riesgo de sufrirlas.<\/li>\n\n\n\n<li>Gen\u00e9tica: algunas personas pueden ser m\u00e1s propensas debido a factores gen\u00e9ticos que afectan la composici\u00f3n de los dientes y la saliva.<\/li>\n\n\n\n<li>Edad: A medida que envejecemos, el esmalte de nuestros dientes puede volverse m\u00e1s delgado, haci\u00e9ndolos m\u00e1s susceptibles.<\/li>\n\n\n\n<li>Aparatos dentales: el uso de aparatos ortop\u00e9dicos, dentaduras postizas u otros aparatos dentales puede dificultar la limpieza adecuada de los dientes, lo que puede aumentar el riesgo de caries.<\/li>\n\n\n\n<li>Rechinar los dientes: Rechinar los dientes, especialmente por la noche, puede desgastar el esmalte y crear peque\u00f1as grietas y hendiduras que son m\u00e1s vulnerables a la aparici\u00f3n de las caries.<\/li>\n<\/ul>\n\n\n\n<h2 class=\"wp-block-heading\">Tratamiento y prevenci\u00f3n de las caries<\/h2>\n\n\n\n<p>Es importante tomar medidas para prevenir las caries. Esta prevenci\u00f3n implica practicar una buena higiene bucal, como cepillarse los dientes y usar hilo dental regularmente, evitar los alimentos y bebidas azucarados y \u00e1cidos, y visitar al dentista para chequeos y limpiezas peri\u00f3dicas. Las revisiones y limpiezas dentales peri\u00f3dicas tambi\u00e9n pueden ayudar a detectar y tratar las caries desde el principio. Si se detecta una caries, generalmente se puede tratar con un empaste, una corona u otra restauraci\u00f3n dental.<\/p>\n\n\n\n<p>En resumen, la buena prevenci\u00f3n pasa por tomar medidas para mantener una buena higiene bucal y minimizar la exposici\u00f3n a los factores que contribuyen a su desarrollo. Estos son algunos consejos para ayudar a prevenirla:<\/p>\n\n\n\n<ul class=\"wp-block-list\">\n<li>Cepillarse los dientes, al menos, dos veces al d\u00eda: usar una pasta dental con fl\u00faor y lavarse los dientes durante al menos dos minutos cada vez.<\/li>\n\n\n\n<li>Usar hilo dental todos los d\u00edas: El hilo dental elimina la placa y las part\u00edculas de comida entre los dientes y a lo largo de la l\u00ednea de las enc\u00edas, donde los cepillos de dientes no pueden llegar.<\/li>\n\n\n\n<li>Reducir el consumo de los alimentos y bebidas azucarados y \u00e1cidos: limitar el consumo de alimentos y bebidas azucarados y \u00e1cidos, como dulces, refrescos y frutas c\u00edtricas, que pueden contribuir al crecimiento de bacterias que causan caries.<\/li>\n\n\n\n<li>Beber mucha agua: el agua ayuda a eliminar las part\u00edculas de alimentos y neutraliza los \u00e1cidos en la boca.<\/li>\n\n\n\n<li>Usar enjuague bucal con fl\u00faor: Usar un enjuague bucal con fl\u00faor puede ayudar a fortalecer el esmalte dental y prevenir las caries.<\/li>\n\n\n\n<li>Masticar chicle sin az\u00facar: Masticar chicle sin az\u00facar puede estimular la producci\u00f3n de saliva, lo que ayuda a eliminar las part\u00edculas de comida y neutralizar los \u00e1cidos en la boca.<\/li>\n\n\n\n<li>Visitar al dentista con regularidad: los chequeos y limpiezas dentales regulares pueden ayudar a detectar y tratar las caries en una etapa temprana, antes de que se conviertan en problemas m\u00e1s graves.<\/li>\n<\/ul>\n\n\n\n<p>Siguiendo estos consejos y manteniendo buenos h\u00e1bitos de higiene bucal, podemos ayudar a prevenir las caries y mantener nuestros dientes y enc\u00edas saludables.<\/p>\n\n\n\n<p>Entre los productos que podemos utilizar para mantener a raya esta enfermedad bucodental encontramos los siguientes, tanto para adultos como para ni\u00f1os: cepillos de dientes con distintas durezas y adaptados a situaciones especiales, pastas con fluor anticaries, hilos dentales y colutorios. A continuaci\u00f3n vemos varios ejemplos de cada tipo de productos:<\/p>\n\n\n\n<p>1. Cepillos de dientes: <\/p>\n\n\n\n<ul class=\"wp-block-list\">\n<li><a href=\"https:\/\/farmaciatana.es\/cepillos\/1563-cepillo-de-dientes-phb-plus-medio-8435520003736.html\" target=\"_blank\" rel=\"noreferrer noopener\">Cepillo de dientes PHB Plus<\/a> de <a href=\"https:\/\/www.phb.es\/\" target=\"_blank\" data-type=\"URL\" data-id=\"https:\/\/www.phb.es\/\" rel=\"noreferrer noopener\">PHB<\/a>, <\/li>\n\n\n\n<li><a href=\"https:\/\/farmaciatana.es\/cepillos\/2137-cepillo-dental-lacer-junior-8470003385749.html\" data-type=\"URL\" data-id=\"https:\/\/farmaciatana.es\/cepillos\/2137-cepillo-dental-lacer-junior-8470003385749.html\" target=\"_blank\" rel=\"noreferrer noopener\">Cepillo dental Lacer junior<\/a> de <a href=\"https:\/\/www.lacer.com\/\" target=\"_blank\" data-type=\"URL\" data-id=\"https:\/\/www.lacer.com\/\" rel=\"noreferrer noopener\">Lacer<\/a><\/li>\n\n\n\n<li><a href=\"https:\/\/farmaciatana.es\/cepillos\/2087-phb-active-advanced-recargable-8435520000117.html\" data-type=\"URL\" data-id=\"https:\/\/farmaciatana.es\/cepillos\/2087-phb-active-advanced-recargable-8435520000117.html\" target=\"_blank\" rel=\"noreferrer noopener\">Cepillo PHB active advanced recargable<\/a><\/li>\n<\/ul>\n\n\n\n<p>2. Pastas anticaries con fl\u00faor:<\/p>\n\n\n\n<ul class=\"wp-block-list\">\n<li><a href=\"https:\/\/farmaciatana.es\/dentifricos\/3489-bexident-anticaries-pasta-dentifrica-125-ml-8470001780744.html\" target=\"_blank\" data-type=\"URL\" data-id=\"https:\/\/farmaciatana.es\/dentifricos\/3489-bexident-anticaries-pasta-dentifrica-125-ml-8470001780744.html\" rel=\"noreferrer noopener\">Bexident Anticaries Pasta dent\u00edfrica 125 ml<\/a><\/li>\n\n\n\n<li><a href=\"https:\/\/farmaciatana.es\/dentifricos\/2514-lacer-pasta-dentrifica-125-ml-8430340020321.html\" target=\"_blank\" data-type=\"URL\" data-id=\"https:\/\/farmaciatana.es\/dentifricos\/2514-lacer-pasta-dentrifica-125-ml-8430340020321.html\" rel=\"noreferrer noopener\">Lacer Pasta Dentr\u00edfica 125 ml<\/a><\/li>\n\n\n\n<li><a href=\"https:\/\/farmaciatana.es\/dentifricos\/2967-fluocaril-pasta-2x125-ml-3014260093495.html\" target=\"_blank\" rel=\"noreferrer noopener\">Fluocaril pasta 2&#215;125 ml<\/a><\/li>\n\n\n\n<li><a href=\"https:\/\/farmaciatana.es\/dentifricos\/2843-gel-dental-fresa-lacer-infantil-75-ml-8470001845627.html\" data-type=\"URL\" data-id=\"https:\/\/farmaciatana.es\/dentifricos\/2843-gel-dental-fresa-lacer-infantil-75-ml-8470001845627.html\" target=\"_blank\" rel=\"noreferrer noopener\">Gel dental fresa Lacer infantil 75 ml<\/a><\/li>\n<\/ul>\n\n\n\n<p>3. Hilo dental para la higiene bucal diaria:<\/p>\n\n\n\n<ul class=\"wp-block-list\">\n<li><a href=\"https:\/\/farmaciatana.es\/hilo-dental\/272-seda-dental-vitis-sin-cera-50m-8427426013179.html\" data-type=\"URL\" data-id=\"https:\/\/farmaciatana.es\/hilo-dental\/272-seda-dental-vitis-sin-cera-50m-8427426013179.html\" target=\"_blank\" rel=\"noreferrer noopener\">Seda dental Vitis sin cera 50m<\/a> de <a href=\"https:\/\/www.vitis.es\/\" target=\"_blank\" data-type=\"URL\" data-id=\"https:\/\/www.vitis.es\/\" rel=\"noreferrer noopener\">Vitis<\/a><\/li>\n\n\n\n<li><a href=\"https:\/\/farmaciatana.es\/hilo-dental\/271-hilo-dental-super-floss-5010622017947.html\" data-type=\"URL\" data-id=\"https:\/\/farmaciatana.es\/hilo-dental\/271-hilo-dental-super-floss-5010622017947.html\" target=\"_blank\" rel=\"noreferrer noopener\">Hilo dental Super Floss<\/a> de <a href=\"https:\/\/www.oralb.es\/es-es\" target=\"_blank\" data-type=\"URL\" data-id=\"https:\/\/www.oralb.es\/es-es\" rel=\"noreferrer noopener\">Oral-B<\/a><\/li>\n\n\n\n<li><a href=\"https:\/\/farmaciatana.es\/hilo-dental\/2181-gingilacer-cinta-dental-50-m-8470001720191.html\" data-type=\"URL\" data-id=\"https:\/\/farmaciatana.es\/hilo-dental\/2181-gingilacer-cinta-dental-50-m-8470001720191.html\" target=\"_blank\" rel=\"noreferrer noopener\">Gingilacer Cinta dental 50 m<\/a><\/li>\n<\/ul>\n\n\n\n<p>4. Colutorios:<\/p>\n\n\n\n<ul class=\"wp-block-list\">\n<li><a href=\"https:\/\/farmaciatana.es\/colutorios\/3453-vitis-anticaries-colutorio-500-ml-8427426055957.html\" target=\"_blank\" data-type=\"URL\" data-id=\"https:\/\/farmaciatana.es\/colutorios\/3453-vitis-anticaries-colutorio-500-ml-8427426055957.html\" rel=\"noreferrer noopener\">Vitis Anticaries colutorio 500 ml<\/a><\/li>\n\n\n\n<li><a href=\"https:\/\/farmaciatana.es\/colutorios\/2516-lacer-colutorio-500-ml-8470002057654.html\" target=\"_blank\" data-type=\"URL\" data-id=\"https:\/\/farmaciatana.es\/colutorios\/2516-lacer-colutorio-500-ml-8470002057654.html\" rel=\"noreferrer noopener\">Lacer colutorio 500 ml<\/a><\/li>\n\n\n\n<li><a href=\"https:\/\/farmaciatana.es\/colutorios\/2797-colutorio-lacer-oros-500-ml-8470002600836.html\" data-type=\"URL\" data-id=\"https:\/\/farmaciatana.es\/colutorios\/2797-colutorio-lacer-oros-500-ml-8470002600836.html\" target=\"_blank\" rel=\"noreferrer noopener\">Colutorio Lacer Oros 500 ml<\/a><\/li>\n<\/ul>\n","protected":false},"excerpt":{"rendered":"<p>Qu\u00e9 son y qu\u00e9 s\u00edntomas provocan las caries Hoy hablaremos de la enfermedad bucodental mas com\u00fan en los seres humanos: la caries, tambi\u00e9n conocida como caries dental. Es un problema dental com\u00fan causado por una infecci\u00f3n bacteriana que da\u00f1a el esmalte dental y la dentina. Las bacterias que las causan se alimentan de los az\u00facares [&hellip;]<\/p>\n","protected":false},"author":1,"featured_media":1840,"comment_status":"open","ping_status":"open","sticky":false,"template":"","format":"standard","meta":{"_et_pb_use_builder":"off","_et_pb_old_content":"","_et_gb_content_width":"","footnotes":""},"categories":[159],"tags":[],"class_list":["post-536","post","type-post","status-publish","format-standard","has-post-thumbnail","hentry","category-cuidado-bucodental","et-has-post-format-content","et_post_format-et-post-format-standard"],"_links":{"self":[{"href":"https:\/\/farmaciatana.es\/blog\/wp-json\/wp\/v2\/posts\/536","targetHints":{"allow":["GET"]}}],"collection":[{"href":"https:\/\/farmaciatana.es\/blog\/wp-json\/wp\/v2\/posts"}],"about":[{"href":"https:\/\/farmaciatana.es\/blog\/wp-json\/wp\/v2\/types\/post"}],"author":[{"embeddable":true,"href":"https:\/\/farmaciatana.es\/blog\/wp-json\/wp\/v2\/users\/1"}],"replies":[{"embeddable":true,"href":"https:\/\/farmaciatana.es\/blog\/wp-json\/wp\/v2\/comments?post=536"}],"version-history":[{"count":15,"href":"https:\/\/farmaciatana.es\/blog\/wp-json\/wp\/v2\/posts\/536\/revisions"}],"predecessor-version":[{"id":1842,"href":"https:\/\/farmaciatana.es\/blog\/wp-json\/wp\/v2\/posts\/536\/revisions\/1842"}],"wp:featuredmedia":[{"embeddable":true,"href":"https:\/\/farmaciatana.es\/blog\/wp-json\/wp\/v2\/media\/1840"}],"wp:attachment":[{"href":"https:\/\/farmaciatana.es\/blog\/wp-json\/wp\/v2\/media?parent=536"}],"wp:term":[{"taxonomy":"category","embeddable":true,"href":"https:\/\/farmaciatana.es\/blog\/wp-json\/wp\/v2\/categories?post=536"},{"taxonomy":"post_tag","embeddable":true,"href":"https:\/\/farmaciatana.es\/blog\/wp-json\/wp\/v2\/tags?post=536"}],"curies":[{"name":"wp","href":"https:\/\/api.w.org\/{rel}","templated":true}]}}