{"id":3,"name":"Gabriel","url":"","description":"Soy el encargado de que vuestros pedidos lleguen a casa en perfecto estado.\r\nAdem\u00e1s de farmac\u00e9utico, soy nutricionista, por lo que los complementos alimenticios son lo m\u00edo. \r\n\u00a1Me encanta trabajar con m\u00fasica y siempre con una sonrisa! Me pod\u00e9is encontrar buscando qu\u00e9 novedades podemos traer a Farmacia Coir\u00f3s para sorprenderos, o bailando en una foliada, nunca se sabe.\r\n\r\nFarmac\u00e9utico Colegiado 4224\r\n\r\nFormaci\u00f3n\r\n\r\n- Grado en Farmacia en <a href=\"https:\/\/www.usc.gal\/es\" title=\"Universidad Santiago de Compostela USC\">Universidad Santiago de Compostela USC<\/a>\r\n\r\n- Grado en Nutrici\u00f3n en <a href=\"https:\/\/www.usc.gal\/es\" title=\"Universidad Santiago de Compostela USC\">Universidad Santiago de Compostela USC<\/a>\r\n\r\n- Doctorado en Nutrici\u00f3n en <a href=\"https:\/\/www.usc.gal\/es\" title=\"Universidad Santiago de Compostela USC\">Universidad Santiago de Compostela USC<\/a>","link":"https:\/\/farmaciatana.es\/blog\/autor\/gabi\/","slug":"gabi","avatar_urls":{"24":"https:\/\/farmaciatana.es\/blog\/wp-content\/litespeed\/avatar\/67b597e3998d5ab768ce50a7253c97fe.jpg?ver=1777405110","48":"https:\/\/farmaciatana.es\/blog\/wp-content\/litespeed\/avatar\/e93a259566dce31aec7f8ec48f77e79a.jpg?ver=1777405110","96":"https:\/\/farmaciatana.es\/blog\/wp-content\/litespeed\/avatar\/2209656193fff41e0906174a1cb56faf.jpg?ver=1777119559"},"meta":[],"_links":{"self":[{"href":"https:\/\/farmaciatana.es\/blog\/wp-json\/wp\/v2\/users\/3","targetHints":{"allow":["GET"]}}],"collection":[{"href":"https:\/\/farmaciatana.es\/blog\/wp-json\/wp\/v2\/users"}]}}